{"id":1184,"date":"2018-02-02T11:21:08","date_gmt":"2018-02-02T10:21:08","guid":{"rendered":"https:\/\/ozbud.kopie.pro\/?p=1184"},"modified":"2018-03-20T11:26:57","modified_gmt":"2018-03-20T10:26:57","slug":"remont-dachu-goszcz","status":"publish","type":"post","link":"https:\/\/ozbud.kopie.pro\/index.php\/2018\/02\/02\/remont-dachu-goszcz\/","title":{"rendered":"Remont dachu nad dawnym ko\u015bcio\u0142em ewangelickim w Goszczu"},"content":{"rendered":"<div id=\"js_v\" class=\"_5pbx userContent\" data-ft=\"{&quot;tn&quot;:&quot;K&quot;}\">\n<p>Z przyjemno\u015bci\u0105 oznajmiamy, \u017ce uko\u0144czyli\u015bmy prace zwi\u0105zane z renowacj\u0105 dachu nad dawnym ko\u015bcio\u0142em ewangelickim w Goszczu. Mamy nadziej\u0119 uczestniczy\u0107 w dalszych etapach zwi\u0105zanych z renowacj\u0105 tego pi\u0119knego obiektu.<\/p>\n<\/div>\n<div class=\"_3x-2\" data-ft=\"{&quot;tn&quot;:&quot;H&quot;}\">\n<div data-ft=\"{&quot;tn&quot;:&quot;H&quot;}\">\n<div class=\"mtm\">\n<div class=\"_2a2q\">\n<div class='avia-gallery  avia-gallery-1 avia_lazyload avia_animate_when_visible '  itemprop=\"ImageObject\" itemscope=\"itemscope\" itemtype=\"https:\/\/schema.org\/ImageObject\" ><a class='avia-gallery-big fakeLightbox lightbox avia-gallery-big-crop-thumb ' href='https:\/\/ozbud.kopie.pro\/wp-content\/uploads\/2018\/03\/remont-dachu-goszcz-4-1030x773.jpg'  data-onclick='1' title='' ><span class='avia-gallery-big-inner'  itemprop=\"thumbnailUrl\" >\t<img width='495' height='400' src='https:\/\/ozbud.kopie.pro\/wp-content\/uploads\/2018\/03\/remont-dachu-goszcz-4-495x400.jpg' title='remont-dachu-goszcz (4)' alt='' \/><\/span><\/a><div class='avia-gallery-thumb'> <a href='https:\/\/ozbud.kopie.pro\/wp-content\/uploads\/2018\/03\/remont-dachu-goszcz-4-1030x773.jpg' data-rel='gallery-1' data-prev-img='https:\/\/ozbud.kopie.pro\/wp-content\/uploads\/2018\/03\/remont-dachu-goszcz-4-495x400.jpg' class='first_thumb lightbox ' data-onclick='1' title=''  itemprop=\"thumbnailUrl\" ><img  src='https:\/\/ozbud.kopie.pro\/wp-content\/uploads\/2018\/03\/remont-dachu-goszcz-4-495x400.jpg' width='495' height='400'  title='remont-dachu-goszcz (4)' alt='' \/><\/a> <a href='https:\/\/ozbud.kopie.pro\/wp-content\/uploads\/2018\/03\/remont-dachu-goszcz-5-773x1030.jpg' data-rel='gallery-1' data-prev-img='https:\/\/ozbud.kopie.pro\/wp-content\/uploads\/2018\/03\/remont-dachu-goszcz-5-495x400.jpg' class='lightbox ' data-onclick='2' title=''  itemprop=\"thumbnailUrl\" ><img  src='https:\/\/ozbud.kopie.pro\/wp-content\/uploads\/2018\/03\/remont-dachu-goszcz-5-495x400.jpg' width='495' height='400'  title='remont-dachu-goszcz (5)' alt='' \/><\/a> <a href='https:\/\/ozbud.kopie.pro\/wp-content\/uploads\/2018\/03\/remont-dachu-goszcz-6-1030x773.jpg' data-rel='gallery-1' data-prev-img='https:\/\/ozbud.kopie.pro\/wp-content\/uploads\/2018\/03\/remont-dachu-goszcz-6-495x400.jpg' class='lightbox ' data-onclick='3' title=''  itemprop=\"thumbnailUrl\" ><img  src='https:\/\/ozbud.kopie.pro\/wp-content\/uploads\/2018\/03\/remont-dachu-goszcz-6-495x400.jpg' width='495' height='400'  title='remont-dachu-goszcz (6)' alt='' \/><\/a> <a href='https:\/\/ozbud.kopie.pro\/wp-content\/uploads\/2018\/03\/remont-dachu-goszcz-7-1030x773.jpg' data-rel='gallery-1' data-prev-img='https:\/\/ozbud.kopie.pro\/wp-content\/uploads\/2018\/03\/remont-dachu-goszcz-7-495x400.jpg' class='lightbox ' data-onclick='4' title=''  itemprop=\"thumbnailUrl\" ><img  src='https:\/\/ozbud.kopie.pro\/wp-content\/uploads\/2018\/03\/remont-dachu-goszcz-7-495x400.jpg' width='495' height='400'  title='remont-dachu-goszcz (7)' alt='' \/><\/a> <a href='https:\/\/ozbud.kopie.pro\/wp-content\/uploads\/2018\/03\/remont-dachu-goszcz-8-1030x773.jpg' data-rel='gallery-1' data-prev-img='https:\/\/ozbud.kopie.pro\/wp-content\/uploads\/2018\/03\/remont-dachu-goszcz-8-495x400.jpg' class='lightbox ' data-onclick='5' title=''  itemprop=\"thumbnailUrl\" ><img  src='https:\/\/ozbud.kopie.pro\/wp-content\/uploads\/2018\/03\/remont-dachu-goszcz-8-495x400.jpg' width='495' height='400'  title='remont-dachu-goszcz (8)' alt='' \/><\/a> <a href='https:\/\/ozbud.kopie.pro\/wp-content\/uploads\/2018\/03\/remont-dachu-goszcz-1-1030x773.jpg' data-rel='gallery-1' data-prev-img='https:\/\/ozbud.kopie.pro\/wp-content\/uploads\/2018\/03\/remont-dachu-goszcz-1-495x400.jpg' class='first_thumb lightbox ' data-onclick='6' title=''  itemprop=\"thumbnailUrl\" ><img  src='https:\/\/ozbud.kopie.pro\/wp-content\/uploads\/2018\/03\/remont-dachu-goszcz-1-495x400.jpg' width='495' height='400'  title='remont-dachu-goszcz (1)' alt='' \/><\/a> <a href='https:\/\/ozbud.kopie.pro\/wp-content\/uploads\/2018\/03\/remont-dachu-goszcz-2-1030x773.jpg' data-rel='gallery-1' data-prev-img='https:\/\/ozbud.kopie.pro\/wp-content\/uploads\/2018\/03\/remont-dachu-goszcz-2-495x400.jpg' class='lightbox ' data-onclick='7' title=''  itemprop=\"thumbnailUrl\" ><img  src='https:\/\/ozbud.kopie.pro\/wp-content\/uploads\/2018\/03\/remont-dachu-goszcz-2-495x400.jpg' width='495' height='400'  title='remont-dachu-goszcz (2)' alt='' \/><\/a> <a href='https:\/\/ozbud.kopie.pro\/wp-content\/uploads\/2018\/03\/remont-dachu-goszcz-3-1030x773.jpg' data-rel='gallery-1' data-prev-img='https:\/\/ozbud.kopie.pro\/wp-content\/uploads\/2018\/03\/remont-dachu-goszcz-3-495x400.jpg' class='lightbox ' data-onclick='8' title=''  itemprop=\"thumbnailUrl\" ><img  src='https:\/\/ozbud.kopie.pro\/wp-content\/uploads\/2018\/03\/remont-dachu-goszcz-3-495x400.jpg' width='495' height='400'  title='remont-dachu-goszcz (3)' alt='' \/><\/a><\/div><\/div>\n<\/div>\n<\/div>\n<\/div>\n<\/div>\n","protected":false},"excerpt":{"rendered":"<p>Z przyjemno\u015bci\u0105 oznajmiamy, \u017ce uko\u0144czyli\u015bmy prace zwi\u0105zane z renowacj\u0105 dachu nad dawnym ko\u015bcio\u0142em ewangelickim w Goszczu. Mamy nadziej\u0119 uczestniczy\u0107 w dalszych etapach zwi\u0105zanych z renowacj\u0105 tego pi\u0119knego obiektu.<\/p>\n","protected":false},"author":2,"featured_media":1186,"comment_status":"closed","ping_status":"closed","sticky":false,"template":"","format":"standard","meta":{"footnotes":""},"categories":[1],"tags":[],"yst_prominent_words":[],"class_list":["post-1184","post","type-post","status-publish","format-standard","has-post-thumbnail","hentry","category-aktualnosci"],"_links":{"self":[{"href":"https:\/\/ozbud.kopie.pro\/index.php\/wp-json\/wp\/v2\/posts\/1184","targetHints":{"allow":["GET"]}}],"collection":[{"href":"https:\/\/ozbud.kopie.pro\/index.php\/wp-json\/wp\/v2\/posts"}],"about":[{"href":"https:\/\/ozbud.kopie.pro\/index.php\/wp-json\/wp\/v2\/types\/post"}],"author":[{"embeddable":true,"href":"https:\/\/ozbud.kopie.pro\/index.php\/wp-json\/wp\/v2\/users\/2"}],"replies":[{"embeddable":true,"href":"https:\/\/ozbud.kopie.pro\/index.php\/wp-json\/wp\/v2\/comments?post=1184"}],"version-history":[{"count":3,"href":"https:\/\/ozbud.kopie.pro\/index.php\/wp-json\/wp\/v2\/posts\/1184\/revisions"}],"predecessor-version":[{"id":1196,"href":"https:\/\/ozbud.kopie.pro\/index.php\/wp-json\/wp\/v2\/posts\/1184\/revisions\/1196"}],"wp:featuredmedia":[{"embeddable":true,"href":"https:\/\/ozbud.kopie.pro\/index.php\/wp-json\/wp\/v2\/media\/1186"}],"wp:attachment":[{"href":"https:\/\/ozbud.kopie.pro\/index.php\/wp-json\/wp\/v2\/media?parent=1184"}],"wp:term":[{"taxonomy":"category","embeddable":true,"href":"https:\/\/ozbud.kopie.pro\/index.php\/wp-json\/wp\/v2\/categories?post=1184"},{"taxonomy":"post_tag","embeddable":true,"href":"https:\/\/ozbud.kopie.pro\/index.php\/wp-json\/wp\/v2\/tags?post=1184"},{"taxonomy":"yst_prominent_words","embeddable":true,"href":"https:\/\/ozbud.kopie.pro\/index.php\/wp-json\/wp\/v2\/yst_prominent_words?post=1184"}],"curies":[{"name":"wp","href":"https:\/\/api.w.org\/{rel}","templated":true}]}}