{"id":184,"date":"2018-01-15T13:06:51","date_gmt":"2018-01-15T12:06:51","guid":{"rendered":"https:\/\/ozbud.kopie.pro\/?p=184"},"modified":"2018-05-08T08:37:29","modified_gmt":"2018-05-08T06:37:29","slug":"remont-domu-pomocy-spolecznej","status":"publish","type":"post","link":"https:\/\/ozbud.kopie.pro\/index.php\/2018\/01\/15\/remont-domu-pomocy-spolecznej\/","title":{"rendered":"Remont Domu Pomocy Spo\u0142ecznej"},"content":{"rendered":"<p>Od 2006 roku prowadzili\u015bmy etapowo prace przy remoncie Domu Pomocy Spo\u0142ecznej dla Dzieci w \u015awiebodzicach. Mo\u017cemy z dum\u0105 stwierdzi\u0107, \u017ce nasza praca przy tym obiekcie zosta\u0142a zako\u0144czona sukcesem. Zobaczcie sami\u00a0<span class=\"_47e3 _5mfr\" title=\"Emotikon smile\"><img loading=\"lazy\" decoding=\"async\" class=\"img\" role=\"presentation\" src=\"https:\/\/static.xx.fbcdn.net\/images\/emoji.php\/v9\/f4c\/1\/16\/1f642.png\" alt=\"\" width=\"16\" height=\"16\" \/><\/span><\/p>\n<p>Par\u0119 s\u0142\u00f3w o obiekcie:<\/p>\n<p>Obecny Dom Pomocy Spo\u0142ecznej dla Dzieci w \u015awiebodzicach to dawny pa\u0142ac rodziny Seidl\u00f3w z po\u0142owy XIX wieku. W ci\u0105gu 6 miesi\u0119cy wykonali\u015bmy ostatni etap remontu, a mianowicie elewacj\u0119 obiektu wraz z tarasem i odtworzeniem oryginalnych detali architektonicznych. Po skuciu starych tynk\u00f3w cementowych i naszych robotach renowacyjnych budynek zdecydowanie nabra\u0142 lekko\u015bci i zosta\u0142 pi\u0119knie wyeksponowany na tle otaczaj\u0105cego go parku.<\/p>\n<div class='avia-gallery  avia-gallery-1 avia_lazyload avia_animate_when_visible '  itemprop=\"ImageObject\" itemscope=\"itemscope\" itemtype=\"https:\/\/schema.org\/ImageObject\" ><a class='avia-gallery-big fakeLightbox lightbox avia-gallery-big-crop-thumb ' href='https:\/\/ozbud.kopie.pro\/wp-content\/uploads\/2018\/02\/ozbud-remont-domu-pomocy-spolecznej-7.jpg'  data-onclick='1' title='' ><span class='avia-gallery-big-inner'  itemprop=\"thumbnailUrl\" >\t<img width='960' height='720' src='https:\/\/ozbud.kopie.pro\/wp-content\/uploads\/2018\/02\/ozbud-remont-domu-pomocy-spolecznej-7.jpg' title='ozbud-remont-domu-pomocy-spolecznej (7)' alt='' \/><\/span><\/a><div class='avia-gallery-thumb'> <a href='https:\/\/ozbud.kopie.pro\/wp-content\/uploads\/2018\/02\/ozbud-remont-domu-pomocy-spolecznej-7.jpg' data-rel='gallery-1' data-prev-img='https:\/\/ozbud.kopie.pro\/wp-content\/uploads\/2018\/02\/ozbud-remont-domu-pomocy-spolecznej-7.jpg' class='first_thumb lightbox ' data-onclick='1' title=''  itemprop=\"thumbnailUrl\" ><img  src='https:\/\/ozbud.kopie.pro\/wp-content\/uploads\/2018\/02\/ozbud-remont-domu-pomocy-spolecznej-7-495x400.jpg' width='495' height='400'  title='ozbud-remont-domu-pomocy-spolecznej (7)' alt='' \/><\/a> <a href='https:\/\/ozbud.kopie.pro\/wp-content\/uploads\/2018\/02\/ozbud-remont-domu-pomocy-spolecznej-1-1030x773.jpg' data-rel='gallery-1' data-prev-img='https:\/\/ozbud.kopie.pro\/wp-content\/uploads\/2018\/02\/ozbud-remont-domu-pomocy-spolecznej-1-1030x773.jpg' class='lightbox ' data-onclick='2' title=''  itemprop=\"thumbnailUrl\" ><img  src='https:\/\/ozbud.kopie.pro\/wp-content\/uploads\/2018\/02\/ozbud-remont-domu-pomocy-spolecznej-1-495x400.jpg' width='495' height='400'  title='ozbud-remont-domu-pomocy-spolecznej (1)' alt='' \/><\/a> <a href='https:\/\/ozbud.kopie.pro\/wp-content\/uploads\/2018\/02\/ozbud-remont-domu-pomocy-spolecznej-2-1030x773.jpg' data-rel='gallery-1' data-prev-img='https:\/\/ozbud.kopie.pro\/wp-content\/uploads\/2018\/02\/ozbud-remont-domu-pomocy-spolecznej-2-1030x773.jpg' class='lightbox ' data-onclick='3' title=''  itemprop=\"thumbnailUrl\" ><img  src='https:\/\/ozbud.kopie.pro\/wp-content\/uploads\/2018\/02\/ozbud-remont-domu-pomocy-spolecznej-2-495x400.jpg' width='495' height='400'  title='ozbud-remont-domu-pomocy-spolecznej (2)' alt='' \/><\/a> <a href='https:\/\/ozbud.kopie.pro\/wp-content\/uploads\/2018\/02\/ozbud-remont-domu-pomocy-spolecznej-3-1030x773.jpg' data-rel='gallery-1' data-prev-img='https:\/\/ozbud.kopie.pro\/wp-content\/uploads\/2018\/02\/ozbud-remont-domu-pomocy-spolecznej-3-1030x773.jpg' class='lightbox ' data-onclick='4' title=''  itemprop=\"thumbnailUrl\" ><img  src='https:\/\/ozbud.kopie.pro\/wp-content\/uploads\/2018\/02\/ozbud-remont-domu-pomocy-spolecznej-3-495x400.jpg' width='495' height='400'  title='ozbud-remont-domu-pomocy-spolecznej (3)' alt='' \/><\/a> <a href='https:\/\/ozbud.kopie.pro\/wp-content\/uploads\/2018\/02\/ozbud-remont-domu-pomocy-spolecznej-4-1030x781.jpg' data-rel='gallery-1' data-prev-img='https:\/\/ozbud.kopie.pro\/wp-content\/uploads\/2018\/02\/ozbud-remont-domu-pomocy-spolecznej-4-1030x781.jpg' class='lightbox ' data-onclick='5' title=''  itemprop=\"thumbnailUrl\" ><img  src='https:\/\/ozbud.kopie.pro\/wp-content\/uploads\/2018\/02\/ozbud-remont-domu-pomocy-spolecznej-4-495x400.jpg' width='495' height='400'  title='ozbud-remont-domu-pomocy-spolecznej (4)' alt='' \/><\/a> <a href='https:\/\/ozbud.kopie.pro\/wp-content\/uploads\/2018\/02\/ozbud-remont-domu-pomocy-spolecznej-5-1030x773.jpg' data-rel='gallery-1' data-prev-img='https:\/\/ozbud.kopie.pro\/wp-content\/uploads\/2018\/02\/ozbud-remont-domu-pomocy-spolecznej-5-1030x773.jpg' class='lightbox ' data-onclick='6' title=''  itemprop=\"thumbnailUrl\" ><img  src='https:\/\/ozbud.kopie.pro\/wp-content\/uploads\/2018\/02\/ozbud-remont-domu-pomocy-spolecznej-5-495x400.jpg' width='495' height='400'  title='ozbud-remont-domu-pomocy-spolecznej (5)' alt='' \/><\/a> <a href='https:\/\/ozbud.kopie.pro\/wp-content\/uploads\/2018\/02\/ozbud-remont-domu-pomocy-spolecznej-6-1030x773.jpg' data-rel='gallery-1' data-prev-img='https:\/\/ozbud.kopie.pro\/wp-content\/uploads\/2018\/02\/ozbud-remont-domu-pomocy-spolecznej-6-1030x773.jpg' class='lightbox ' data-onclick='7' title=''  itemprop=\"thumbnailUrl\" ><img  src='https:\/\/ozbud.kopie.pro\/wp-content\/uploads\/2018\/02\/ozbud-remont-domu-pomocy-spolecznej-6-495x400.jpg' width='495' height='400'  title='ozbud-remont-domu-pomocy-spolecznej (6)' alt='' \/><\/a><\/div><\/div>\n","protected":false},"excerpt":{"rendered":"<p>Od 2006 roku prowadzili\u015bmy etapowo prace przy remoncie Domu Pomocy Spo\u0142ecznej dla Dzieci w \u015awiebodzicach. Mo\u017cemy z dum\u0105 stwierdzi\u0107, \u017ce nasza praca przy tym obiekcie zosta\u0142a zako\u0144czona sukcesem. Zobaczcie sami\u00a0 Par\u0119 s\u0142\u00f3w o obiekcie: Obecny Dom Pomocy Spo\u0142ecznej dla Dzieci w \u015awiebodzicach to dawny pa\u0142ac rodziny Seidl\u00f3w z po\u0142owy XIX wieku. W ci\u0105gu 6 miesi\u0119cy [&hellip;]<\/p>\n","protected":false},"author":1,"featured_media":375,"comment_status":"closed","ping_status":"closed","sticky":false,"template":"","format":"standard","meta":{"footnotes":""},"categories":[1],"tags":[],"yst_prominent_words":[],"class_list":["post-184","post","type-post","status-publish","format-standard","has-post-thumbnail","hentry","category-aktualnosci"],"_links":{"self":[{"href":"https:\/\/ozbud.kopie.pro\/index.php\/wp-json\/wp\/v2\/posts\/184","targetHints":{"allow":["GET"]}}],"collection":[{"href":"https:\/\/ozbud.kopie.pro\/index.php\/wp-json\/wp\/v2\/posts"}],"about":[{"href":"https:\/\/ozbud.kopie.pro\/index.php\/wp-json\/wp\/v2\/types\/post"}],"author":[{"embeddable":true,"href":"https:\/\/ozbud.kopie.pro\/index.php\/wp-json\/wp\/v2\/users\/1"}],"replies":[{"embeddable":true,"href":"https:\/\/ozbud.kopie.pro\/index.php\/wp-json\/wp\/v2\/comments?post=184"}],"version-history":[{"count":4,"href":"https:\/\/ozbud.kopie.pro\/index.php\/wp-json\/wp\/v2\/posts\/184\/revisions"}],"predecessor-version":[{"id":1428,"href":"https:\/\/ozbud.kopie.pro\/index.php\/wp-json\/wp\/v2\/posts\/184\/revisions\/1428"}],"wp:featuredmedia":[{"embeddable":true,"href":"https:\/\/ozbud.kopie.pro\/index.php\/wp-json\/wp\/v2\/media\/375"}],"wp:attachment":[{"href":"https:\/\/ozbud.kopie.pro\/index.php\/wp-json\/wp\/v2\/media?parent=184"}],"wp:term":[{"taxonomy":"category","embeddable":true,"href":"https:\/\/ozbud.kopie.pro\/index.php\/wp-json\/wp\/v2\/categories?post=184"},{"taxonomy":"post_tag","embeddable":true,"href":"https:\/\/ozbud.kopie.pro\/index.php\/wp-json\/wp\/v2\/tags?post=184"},{"taxonomy":"yst_prominent_words","embeddable":true,"href":"https:\/\/ozbud.kopie.pro\/index.php\/wp-json\/wp\/v2\/yst_prominent_words?post=184"}],"curies":[{"name":"wp","href":"https:\/\/api.w.org\/{rel}","templated":true}]}}